{"id":4679,"date":"2026-04-08T20:45:50","date_gmt":"2026-04-08T23:45:50","guid":{"rendered":"https:\/\/uep55-cha.infd.edu.ar\/sitio\/?p=4679"},"modified":"2026-04-08T20:45:52","modified_gmt":"2026-04-08T23:45:52","slug":"inicio-ciclo-lectivo-2026","status":"publish","type":"post","link":"https:\/\/uep55-cha.infd.edu.ar\/sitio\/inicio-ciclo-lectivo-2026\/","title":{"rendered":"Inicio Ciclo Lectivo 2026"},"content":{"rendered":"\n<p>El Nivel Superior del instituto Don Orione en un breve acto a cargo del profesor Cesar Sol\u00eds y con la bienvenida de la Rectora Dra. Estela Valenzuela, el representante legal padre Gustavo Aime; dio inicio al ciclo lectivo 2026 acompa\u00f1ados por la vice rectora Carolina Pellizari, la secretar\u00eda acad\u00e9mica Silvia Ju\u00e1rez y profesores de la casa, motivando a los ingresaste y alumnos en general en \u00e9ste nuevo desaf\u00edo acad\u00e9mico 2026.<br>\u00a1Ave Mar\u00eda&#8230; y adelante!<\/p>\n\n\n\n<figure class=\"wp-block-gallery has-nested-images columns-default is-cropped wp-block-gallery-1 is-layout-flex\">\n<figure class=\"wp-block-image size-large\"><img decoding=\"async\" loading=\"lazy\" width=\"1080\" height=\"1080\" data-id=\"4682\"  src=\"https:\/\/uep55-cha.infd.edu.ar\/sitio\/wp-content\/uploads\/2026\/04\/23.jpg\" alt=\"\" class=\"wp-image-4682\" srcset=\"https:\/\/uep55-cha.infd.edu.ar\/sitio\/wp-content\/uploads\/2026\/04\/23.jpg 1080w, https:\/\/uep55-cha.infd.edu.ar\/sitio\/wp-content\/uploads\/2026\/04\/23-1000x1000.jpg 1000w, https:\/\/uep55-cha.infd.edu.ar\/sitio\/wp-content\/uploads\/2026\/04\/23-500x500.jpg 500w, https:\/\/uep55-cha.infd.edu.ar\/sitio\/wp-content\/uploads\/2026\/04\/23-768x768.jpg 768w\" sizes=\"(max-width: 1080px) 100vw, 1080px\" \/><\/figure>\n\n\n\n<figure class=\"wp-block-image size-large\"><img decoding=\"async\" loading=\"lazy\" width=\"1080\" height=\"1080\" data-id=\"4681\"  src=\"https:\/\/uep55-cha.infd.edu.ar\/sitio\/wp-content\/uploads\/2026\/04\/24.jpg\" alt=\"\" class=\"wp-image-4681\" srcset=\"https:\/\/uep55-cha.infd.edu.ar\/sitio\/wp-content\/uploads\/2026\/04\/24.jpg 1080w, https:\/\/uep55-cha.infd.edu.ar\/sitio\/wp-content\/uploads\/2026\/04\/24-1000x1000.jpg 1000w, https:\/\/uep55-cha.infd.edu.ar\/sitio\/wp-content\/uploads\/2026\/04\/24-500x500.jpg 500w, https:\/\/uep55-cha.infd.edu.ar\/sitio\/wp-content\/uploads\/2026\/04\/24-768x768.jpg 768w\" sizes=\"(max-width: 1080px) 100vw, 1080px\" \/><\/figure>\n\n\n\n<figure class=\"wp-block-image size-large\"><img decoding=\"async\" loading=\"lazy\" width=\"1080\" height=\"1080\" data-id=\"4680\"  src=\"https:\/\/uep55-cha.infd.edu.ar\/sitio\/wp-content\/uploads\/2026\/04\/25.jpg\" alt=\"\" class=\"wp-image-4680\" srcset=\"https:\/\/uep55-cha.infd.edu.ar\/sitio\/wp-content\/uploads\/2026\/04\/25.jpg 1080w, https:\/\/uep55-cha.infd.edu.ar\/sitio\/wp-content\/uploads\/2026\/04\/25-1000x1000.jpg 1000w, https:\/\/uep55-cha.infd.edu.ar\/sitio\/wp-content\/uploads\/2026\/04\/25-500x500.jpg 500w, https:\/\/uep55-cha.infd.edu.ar\/sitio\/wp-content\/uploads\/2026\/04\/25-768x768.jpg 768w\" sizes=\"(max-width: 1080px) 100vw, 1080px\" \/><\/figure>\n<\/figure>\n","protected":false},"excerpt":{"rendered":"<p>El Nivel Superior del instituto Don Orione en un breve acto a cargo del profesor Cesar Sol\u00eds y con la bienvenida de la Rectora Dra. Estela Valenzuela, el representante legal padre Gustavo Aime; dio inicio al ciclo lectivo 2026 acompa\u00f1ados por la vice rectora Carolina Pellizari, la secretar\u00eda acad\u00e9mica Silvia Ju\u00e1rez y profesores de la &#8230; <a title=\"Inicio Ciclo Lectivo 2026\" class=\"read-more\" href=\"https:\/\/uep55-cha.infd.edu.ar\/sitio\/inicio-ciclo-lectivo-2026\/\" aria-label=\"More on Inicio Ciclo Lectivo 2026\">[+]<\/a><\/p>\n","protected":false},"author":806,"featured_media":0,"comment_status":"open","ping_status":"open","sticky":false,"template":"","format":"standard","meta":[],"categories":[1],"tags":[],"acf":[],"_links":{"self":[{"href":"https:\/\/uep55-cha.infd.edu.ar\/sitio\/wp-json\/wp\/v2\/posts\/4679"}],"collection":[{"href":"https:\/\/uep55-cha.infd.edu.ar\/sitio\/wp-json\/wp\/v2\/posts"}],"about":[{"href":"https:\/\/uep55-cha.infd.edu.ar\/sitio\/wp-json\/wp\/v2\/types\/post"}],"author":[{"embeddable":true,"href":"https:\/\/uep55-cha.infd.edu.ar\/sitio\/wp-json\/wp\/v2\/users\/806"}],"replies":[{"embeddable":true,"href":"https:\/\/uep55-cha.infd.edu.ar\/sitio\/wp-json\/wp\/v2\/comments?post=4679"}],"version-history":[{"count":1,"href":"https:\/\/uep55-cha.infd.edu.ar\/sitio\/wp-json\/wp\/v2\/posts\/4679\/revisions"}],"predecessor-version":[{"id":4683,"href":"https:\/\/uep55-cha.infd.edu.ar\/sitio\/wp-json\/wp\/v2\/posts\/4679\/revisions\/4683"}],"wp:attachment":[{"href":"https:\/\/uep55-cha.infd.edu.ar\/sitio\/wp-json\/wp\/v2\/media?parent=4679"}],"wp:term":[{"taxonomy":"category","embeddable":true,"href":"https:\/\/uep55-cha.infd.edu.ar\/sitio\/wp-json\/wp\/v2\/categories?post=4679"},{"taxonomy":"post_tag","embeddable":true,"href":"https:\/\/uep55-cha.infd.edu.ar\/sitio\/wp-json\/wp\/v2\/tags?post=4679"}],"curies":[{"name":"wp","href":"https:\/\/api.w.org\/{rel}","templated":true}]}}